{"id":7916,"date":"2025-08-03T12:08:09","date_gmt":"2025-08-03T12:08:09","guid":{"rendered":"https:\/\/www.bc-maps.com\/mapa-vectorial-eps\/mapa-vectorial-ciudad-ibiza-ampliado-2025-2\/"},"modified":"2026-01-29T17:41:32","modified_gmt":"2026-01-29T17:41:32","slug":"mapa-vectorial-ciudad-ibiza-nh","status":"publish","type":"post","link":"https:\/\/www.bc-maps.com\/mapa-vectorial-eps\/mapa-vectorial-ciudad-ibiza-nh\/","title":{"rendered":"Nuevo mapa vectorial de la ciudad de Ibiza para NH"},"content":{"rendered":"\n<p>Hemos adaptado nuestro mapa vectorial de la ciudad de Ibiza, para el grupo hotelero <a href=\"https:\/\/www.nh-hotels.com\/es\">NH<\/a><\/p>\n\n\n\n<p>Este nuevo mapa incluye un mapa general de la ciudad en tama\u00f1o A3 con calles principales y un mapa de detalle con la localizaci\u00f3n del hotel y la zona de Dalt da Vila.<\/p>\n\n\n\n<figure class=\"wp-block-gallery has-nested-images columns-default is-cropped wp-block-gallery-1 is-layout-flex wp-block-gallery-is-layout-flex\">\n<figure class=\"wp-block-image size-medium\"><a href=\"https:\/\/www.bc-maps.com\/wp-content\/uploads\/2025\/08\/Ciutat-Eivissa-NH-A3-mapa-vectorial-editable-illustrator.jpg\" target=\"_blank\" rel=\"noopener noreferrer\"><img loading=\"lazy\" decoding=\"async\" width=\"300\" height=\"212\" data-id=\"7919\" src=\"https:\/\/www.bc-maps.com\/wp-content\/uploads\/2025\/08\/Ciutat-Eivissa-NH-A3-mapa-vectorial-editable-illustrator-300x212.jpg\" alt=\"Mapa vectorial illustrator editable ciudad Ibiza NH A3\" class=\"wp-image-7919\" srcset=\"https:\/\/www.bc-maps.com\/wp-content\/uploads\/2025\/08\/Ciutat-Eivissa-NH-A3-mapa-vectorial-editable-illustrator-300x212.jpg 300w, https:\/\/www.bc-maps.com\/wp-content\/uploads\/2025\/08\/Ciutat-Eivissa-NH-A3-mapa-vectorial-editable-illustrator-1024x725.jpg 1024w, https:\/\/www.bc-maps.com\/wp-content\/uploads\/2025\/08\/Ciutat-Eivissa-NH-A3-mapa-vectorial-editable-illustrator-768x544.jpg 768w, https:\/\/www.bc-maps.com\/wp-content\/uploads\/2025\/08\/Ciutat-Eivissa-NH-A3-mapa-vectorial-editable-illustrator.jpg 1476w\" sizes=\"auto, (max-width: 300px) 100vw, 300px\" \/><\/a><figcaption class=\"wp-element-caption\">Mapa vectorial illustrator editable ciudad Ibiza NH A3<\/figcaption><\/figure>\n<\/figure>\n\n\n\n<figure class=\"wp-block-gallery has-nested-images columns-default is-cropped wp-block-gallery-2 is-layout-flex wp-block-gallery-is-layout-flex\">\n<figure class=\"wp-block-image size-large\"><a href=\"https:\/\/www.bc-maps.com\/wp-content\/uploads\/2025\/08\/Ciutat-Eivissa-Dalt-da-Vila-NH-mapa-vectorial-editable-illustrator.jpg\" target=\"_blank\" rel=\"noopener noreferrer\"><img loading=\"lazy\" decoding=\"async\" width=\"615\" height=\"1024\" data-id=\"7920\" src=\"https:\/\/www.bc-maps.com\/wp-content\/uploads\/2025\/08\/Ciutat-Eivissa-Dalt-da-Vila-NH-mapa-vectorial-editable-illustrator-615x1024.jpg\" alt=\"Mapa vectorial illustrator editable Dalta da Vila Eivissa NH\" class=\"wp-image-7920\" srcset=\"https:\/\/www.bc-maps.com\/wp-content\/uploads\/2025\/08\/Ciutat-Eivissa-Dalt-da-Vila-NH-mapa-vectorial-editable-illustrator-615x1024.jpg 615w, https:\/\/www.bc-maps.com\/wp-content\/uploads\/2025\/08\/Ciutat-Eivissa-Dalt-da-Vila-NH-mapa-vectorial-editable-illustrator-180x300.jpg 180w, https:\/\/www.bc-maps.com\/wp-content\/uploads\/2025\/08\/Ciutat-Eivissa-Dalt-da-Vila-NH-mapa-vectorial-editable-illustrator.jpg 709w\" sizes=\"auto, (max-width: 615px) 100vw, 615px\" \/><\/a><figcaption class=\"wp-element-caption\">Mapa vectorial illustrator editable Dalta da Vila Eivissa NH<\/figcaption><\/figure>\n<\/figure>\n\n\n\n<h3><strong data-start=\"1012\" data-end=\"1040\">Caracter\u00edsticas del Mapa<\/strong><\/h3>\n<ul data-start=\"1043\" data-end=\"1509\">\n<li data-start=\"1043\" data-end=\"1135\"><strong data-start=\"1045\" data-end=\"1066\">Formato vectorial<\/strong> totalmente editable en <a href=\"http:\/\/www.adobe.es\">Illustrator<\/a>, ideal para dise\u00f1o e impresi\u00f3n.<\/li>\n<li data-start=\"1136\" data-end=\"1209\"><strong data-start=\"1138\" data-end=\"1174\">Divisi\u00f3n completa por municipios<\/strong>, con sus l\u00edmites bien definidos.<\/li>\n<li data-start=\"1210\" data-end=\"1326\"><strong data-start=\"1212\" data-end=\"1267\">Diferenciaci\u00f3n de comarcas oficiales y no oficiales<\/strong>, respetando la estructura territorial de cada comunidad.<\/li>\n<li data-start=\"1327\" data-end=\"1416\"><strong data-start=\"1329\" data-end=\"1364\">Alta resoluci\u00f3n y escalabilidad<\/strong>, permitiendo ampliaciones sin p\u00e9rdida de calidad.<\/li>\n<li data-start=\"1417\" data-end=\"1509\"><strong data-start=\"1419\" data-end=\"1471\">Compatible con distintos materiales de impresi\u00f3n<\/strong>, como papel, vinilo o panel r\u00edgido.<\/li>\n<\/ul>\n<h4 data-start=\"505\" data-end=\"566\">\u00a0<\/h4>\n<p data-start=\"0\" data-end=\"514\">La <strong data-start=\"3\" data-end=\"22\">ciudad de Ibiza<\/strong>, conocida tambi\u00e9n como <strong data-start=\"46\" data-end=\"57\">Eivissa<\/strong> en catal\u00e1n, es la capital de la isla hom\u00f3nima y uno de los n\u00facleos urbanos m\u00e1s importantes de las Islas Baleares. Situada en la costa sureste de la isla, destaca por su rica historia, su arquitectura tradicional y su ambiente cosmopolita. Su casco antiguo, <strong data-start=\"315\" data-end=\"328\">Dalt Vila<\/strong>, es Patrimonio de la Humanidad por la UNESCO y est\u00e1 rodeado por murallas renacentistas que datan del siglo XVI. Desde sus alturas se obtienen vistas espectaculares del mar y del puerto.<\/p>\n<p data-start=\"516\" data-end=\"854\">La ciudad es un cruce de culturas, con vestigios fenicios, romanos, \u00e1rabes y medievales. En sus calles empedradas se mezclan tiendas artesanales, galer\u00edas de arte, bares y restaurantes. Adem\u00e1s, el puerto de Ibiza es un punto clave de conexi\u00f3n con la pen\u00ednsula y otras islas, y acoge una vibrante vida nocturna durante los meses de verano.<\/p>\n<p data-start=\"856\" data-end=\"1161\">En los alrededores de la ciudad se encuentran playas como <strong data-start=\"914\" data-end=\"927\">Talamanca<\/strong> y <strong data-start=\"930\" data-end=\"944\">Figueretes<\/strong>, ideales para el descanso y actividades acu\u00e1ticas. Tambi\u00e9n destacan espacios naturales como el <strong data-start=\"1040\" data-end=\"1073\">Parque Natural de Ses Salines<\/strong>, hogar de una gran variedad de fauna y flora aut\u00f3ctona, especialmente aves migratorias.<\/p>\n<p data-start=\"1163\" data-end=\"1488\">A unos 7 km del centro urbano se localiza el <strong data-start=\"1208\" data-end=\"1231\">aeropuerto de Ibiza<\/strong>, en la zona de <strong data-start=\"1247\" data-end=\"1261\">Es Codolar<\/strong>. Esta instalaci\u00f3n es vital para la econom\u00eda local, especialmente durante la temporada tur\u00edstica alta. Pese a su proximidad a \u00e1reas naturales protegidas, se han implementado medidas de control ambiental para reducir su impacto.<\/p>\n<p data-start=\"1490\" data-end=\"1750\" data-is-last-node=\"\" data-is-only-node=\"\">La ciudad de Ibiza y sus alrededores ofrecen una combinaci\u00f3n \u00fanica de historia, naturaleza y modernidad. Es un destino que atrae tanto a quienes buscan cultura y tranquilidad como a quienes desean disfrutar de una vida nocturna animada y paisajes inolvidables.<\/p>\n","protected":false},"excerpt":{"rendered":"<p>Hemos adaptado nuestro mapa vectorial de la ciudad de Ibiza, para el grupo hotelero NH Este nuevo mapa incluye un mapa general de la ciudad en tama\u00f1o A3 con calles principales y un mapa de detalle con la localizaci\u00f3n del hotel y la zona de Dalt da Vila. Caracter\u00edsticas del Mapa Formato vectorial totalmente editable &hellip; <a href=\"https:\/\/www.bc-maps.com\/mapa-vectorial-eps\/mapa-vectorial-ciudad-ibiza-nh\/\" class=\"more-link\">Seguir leyendo <span class=\"screen-reader-text\">Nuevo mapa vectorial de la ciudad de Ibiza para NH<\/span> <span class=\"meta-nav\">&rarr;<\/span><\/a><\/p>\n","protected":false},"author":1,"featured_media":7920,"comment_status":"open","ping_status":"open","sticky":false,"template":"","format":"standard","meta":{"footnotes":""},"categories":[6],"tags":[483,71,73,76,318,108,133,139,310,499,151,170,482,173],"class_list":["post-7916","post","type-post","status-publish","format-standard","has-post-thumbnail","hentry","category-proyectos","tag-dalt-da-vila","tag-editable","tag-eivissa","tag-eps","tag-featured","tag-ibiza","tag-mapa","tag-mapa-illustrator","tag-mapa-vectorial","tag-mapas-para-bc-maps","tag-mapas-vectoriales-2","tag-news","tag-nh","tag-noticias"],"_links":{"self":[{"href":"https:\/\/www.bc-maps.com\/mapa-vectorial-eps\/wp-json\/wp\/v2\/posts\/7916","targetHints":{"allow":["GET"]}}],"collection":[{"href":"https:\/\/www.bc-maps.com\/mapa-vectorial-eps\/wp-json\/wp\/v2\/posts"}],"about":[{"href":"https:\/\/www.bc-maps.com\/mapa-vectorial-eps\/wp-json\/wp\/v2\/types\/post"}],"author":[{"embeddable":true,"href":"https:\/\/www.bc-maps.com\/mapa-vectorial-eps\/wp-json\/wp\/v2\/users\/1"}],"replies":[{"embeddable":true,"href":"https:\/\/www.bc-maps.com\/mapa-vectorial-eps\/wp-json\/wp\/v2\/comments?post=7916"}],"version-history":[{"count":4,"href":"https:\/\/www.bc-maps.com\/mapa-vectorial-eps\/wp-json\/wp\/v2\/posts\/7916\/revisions"}],"predecessor-version":[{"id":8264,"href":"https:\/\/www.bc-maps.com\/mapa-vectorial-eps\/wp-json\/wp\/v2\/posts\/7916\/revisions\/8264"}],"wp:featuredmedia":[{"embeddable":true,"href":"https:\/\/www.bc-maps.com\/mapa-vectorial-eps\/wp-json\/wp\/v2\/media\/7920"}],"wp:attachment":[{"href":"https:\/\/www.bc-maps.com\/mapa-vectorial-eps\/wp-json\/wp\/v2\/media?parent=7916"}],"wp:term":[{"taxonomy":"category","embeddable":true,"href":"https:\/\/www.bc-maps.com\/mapa-vectorial-eps\/wp-json\/wp\/v2\/categories?post=7916"},{"taxonomy":"post_tag","embeddable":true,"href":"https:\/\/www.bc-maps.com\/mapa-vectorial-eps\/wp-json\/wp\/v2\/tags?post=7916"}],"curies":[{"name":"wp","href":"https:\/\/api.w.org\/{rel}","templated":true}]}}